{"id":6482,"date":"2020-04-20T13:14:52","date_gmt":"2020-04-20T11:14:52","guid":{"rendered":"https:\/\/pdc.umh.es\/?p=6482"},"modified":"2020-04-20T13:21:29","modified_gmt":"2020-04-20T11:21:29","slug":"las-universidades-publicas-valencianas-evaluaran-todas-las-asignaturas-de-forma-no-presencial-y-mantendran-el-calendario-academico","status":"publish","type":"post","link":"https:\/\/covid-19.umh.es\/en\/2020\/04\/20\/las-universidades-publicas-valencianas-evaluaran-todas-las-asignaturas-de-forma-no-presencial-y-mantendran-el-calendario-academico\/","title":{"rendered":"Las universidades p\u00fablicas valencianas evaluar\u00e1n todas las asignaturas de forma no presencial y mantendr\u00e1n el calendario acad\u00e9mico"},"content":{"rendered":"<p class=\"qtranxs-available-languages-message qtranxs-available-languages-message-en\">Sorry, this entry is only available in <a href=\"https:\/\/covid-19.umh.es\/es\/wp-json\/wp\/v2\/posts\/6482\" class=\"qtranxs-available-language-link qtranxs-available-language-link-es\" title=\"Espa\u00f1ol\">European Spanish<\/a>.<\/p>","protected":false},"excerpt":{"rendered":"<p>Sorry, this entry is only available in European Spanish.<\/p>\n","protected":false},"author":53,"featured_media":0,"comment_status":"closed","ping_status":"closed","sticky":false,"template":"","format":"standard","meta":{"_et_pb_use_builder":"","_et_pb_old_content":"","_et_gb_content_width":"","_links_to":"","_links_to_target":""},"categories":[295847],"tags":[],"_links":{"self":[{"href":"https:\/\/covid-19.umh.es\/en\/wp-json\/wp\/v2\/posts\/6482"}],"collection":[{"href":"https:\/\/covid-19.umh.es\/en\/wp-json\/wp\/v2\/posts"}],"about":[{"href":"https:\/\/covid-19.umh.es\/en\/wp-json\/wp\/v2\/types\/post"}],"author":[{"embeddable":true,"href":"https:\/\/covid-19.umh.es\/en\/wp-json\/wp\/v2\/users\/53"}],"replies":[{"embeddable":true,"href":"https:\/\/covid-19.umh.es\/en\/wp-json\/wp\/v2\/comments?post=6482"}],"version-history":[{"count":0,"href":"https:\/\/covid-19.umh.es\/en\/wp-json\/wp\/v2\/posts\/6482\/revisions"}],"wp:attachment":[{"href":"https:\/\/covid-19.umh.es\/en\/wp-json\/wp\/v2\/media?parent=6482"}],"wp:term":[{"taxonomy":"category","embeddable":true,"href":"https:\/\/covid-19.umh.es\/en\/wp-json\/wp\/v2\/categories?post=6482"},{"taxonomy":"post_tag","embeddable":true,"href":"https:\/\/covid-19.umh.es\/en\/wp-json\/wp\/v2\/tags?post=6482"}],"curies":[{"name":"wp","href":"https:\/\/api.w.org\/{rel}","templated":true}]}}